{"id":15,"date":"2023-08-24T09:36:48","date_gmt":"2023-08-24T14:36:48","guid":{"rendered":"http:\/\/apps.sanandres.gov.co\/?p=15"},"modified":"2023-10-05T15:42:12","modified_gmt":"2023-10-05T20:42:12","slug":"inspeccion-a-refugios-temporales-por-temporada-de-huracanes","status":"publish","type":"post","link":"https:\/\/grd.sanandres.gov.co\/?p=15","title":{"rendered":"Inspecci\u00f3n a REFUGIOS TEMPORALES por tiempo de huracanes"},"content":{"rendered":"<h3 style=\"text-align: center;\"><span style=\"font-size: 19px;\">En vista a la temporada de huracanes la SGRD visit\u00f3 los refugios temporales de la isla de San Andr\u00e9s.<\/span><\/h3>\n<p><!--more--><img loading=\"lazy\" class=\" wp-image-1794 alignleft\" src=\"http:\/\/grd.sanandres.gov.co\/wp-content\/uploads\/2018\/07\/Imagen-de-WhatsApp-2023-08-23-a-las-09.37.15-300x140.jpg\" alt=\"\" width=\"367\" height=\"171\" srcset=\"https:\/\/grd.sanandres.gov.co\/wp-content\/uploads\/2018\/07\/Imagen-de-WhatsApp-2023-08-23-a-las-09.37.15-300x140.jpg 300w, https:\/\/grd.sanandres.gov.co\/wp-content\/uploads\/2018\/07\/Imagen-de-WhatsApp-2023-08-23-a-las-09.37.15-1024x478.jpg 1024w, https:\/\/grd.sanandres.gov.co\/wp-content\/uploads\/2018\/07\/Imagen-de-WhatsApp-2023-08-23-a-las-09.37.15-768x359.jpg 768w, https:\/\/grd.sanandres.gov.co\/wp-content\/uploads\/2018\/07\/Imagen-de-WhatsApp-2023-08-23-a-las-09.37.15-1536x717.jpg 1536w, https:\/\/grd.sanandres.gov.co\/wp-content\/uploads\/2018\/07\/Imagen-de-WhatsApp-2023-08-23-a-las-09.37.15.jpg 1600w\" sizes=\"(max-width: 367px) 100vw, 367px\" \/> El equipo de reducci\u00f3n ingenieros y arquitectos de la Secretaria de Gesti\u00f3n del Riesgo de Desastres, en marco de sus funciones de prevenci\u00f3n de sucesos o calamidades, los d\u00edas 23 y 24 de agosto, llevaron a cabo las visitas a los refugios temporales como instalaciones f\u00edsicas, iglesias y\/o colegios, para con estas, brindar alojamiento, abrigo, alimentaci\u00f3n y asistencia m\u00e9dica a las comunidades.<\/p>\n<p><img loading=\"lazy\" class=\" wp-image-1740 alignright\" src=\"http:\/\/grd.sanandres.gov.co\/wp-content\/uploads\/2018\/08\/Noti-02_interna-300x225.jpg\" alt=\"\" width=\"301\" height=\"226\" srcset=\"https:\/\/grd.sanandres.gov.co\/wp-content\/uploads\/2018\/08\/Noti-02_interna-300x225.jpg 300w, https:\/\/grd.sanandres.gov.co\/wp-content\/uploads\/2018\/08\/Noti-02_interna-1024x768.jpg 1024w, https:\/\/grd.sanandres.gov.co\/wp-content\/uploads\/2018\/08\/Noti-02_interna-768x576.jpg 768w, https:\/\/grd.sanandres.gov.co\/wp-content\/uploads\/2018\/08\/Noti-02_interna-1536x1152.jpg 1536w, https:\/\/grd.sanandres.gov.co\/wp-content\/uploads\/2018\/08\/Noti-02_interna-2048x1536.jpg 2048w\" sizes=\"(max-width: 301px) 100vw, 301px\" \/>Estos refugios se habilitan para brindar protecci\u00f3n temporal y bienestar para todos, en caso de presentarse alg\u00fan riesgo inminente, una emergencia o desastre; albergan a la poblaci\u00f3n desplazada, por afectaci\u00f3n en sus viviendas destruidas o inundadas ante los sucesos de cat\u00e1strofes presentados.<\/p>\n<p>Por consiguiente, se verific\u00f3 si est\u00e1n en condiciones \u00f3ptimas en su infraestructura, tales como columnas, vigas, paredes, ventanas anticiclones o seguridad de soportes, as\u00ed como, si su ubicaci\u00f3n geogr\u00e1fica es en una zona alta o es de f\u00e1cil inundaci\u00f3n, y juntando todos estos factores, lograr establecer si ameritan ser un refugio temporal acto o descartable.<\/p>\n<p>Dicha actividad se hizo con el apoyo del CRUE de la Secretaria de Salud, como prestadores de servicios de urgencias y atenci\u00f3n en salud pertinente a la poblaci\u00f3n del territorio.<\/p>\n<blockquote class=\"uk-margin-medium\">\n<h3><span style=\"font-size: 18px;\">&#8220;Hay que recordar que en estos meses estamos en temporada de lluvias, ciclones tropicales y huracanes.&#8221;<\/span><\/h3>\n<\/blockquote>\n<h2 style=\"text-align: center;\"><span style=\"font-size: 19px;\">\u00a1La prevenci\u00f3n es un asunto de todos!<\/span><\/h2>\n","protected":false},"excerpt":{"rendered":"<p>En vista a la temporada de huracanes la SGRD visit\u00f3 los refugios temporales de la isla de San Andr\u00e9s.<\/p>\n","protected":false},"author":3,"featured_media":0,"comment_status":"closed","ping_status":"closed","sticky":false,"template":"","format":"standard","meta":[],"categories":[5],"tags":[],"acf":[],"_links":{"self":[{"href":"https:\/\/grd.sanandres.gov.co\/index.php?rest_route=\/wp\/v2\/posts\/15"}],"collection":[{"href":"https:\/\/grd.sanandres.gov.co\/index.php?rest_route=\/wp\/v2\/posts"}],"about":[{"href":"https:\/\/grd.sanandres.gov.co\/index.php?rest_route=\/wp\/v2\/types\/post"}],"author":[{"embeddable":true,"href":"https:\/\/grd.sanandres.gov.co\/index.php?rest_route=\/wp\/v2\/users\/3"}],"replies":[{"embeddable":true,"href":"https:\/\/grd.sanandres.gov.co\/index.php?rest_route=%2Fwp%2Fv2%2Fcomments&post=15"}],"version-history":[{"count":6,"href":"https:\/\/grd.sanandres.gov.co\/index.php?rest_route=\/wp\/v2\/posts\/15\/revisions"}],"predecessor-version":[{"id":1902,"href":"https:\/\/grd.sanandres.gov.co\/index.php?rest_route=\/wp\/v2\/posts\/15\/revisions\/1902"}],"wp:attachment":[{"href":"https:\/\/grd.sanandres.gov.co\/index.php?rest_route=%2Fwp%2Fv2%2Fmedia&parent=15"}],"wp:term":[{"taxonomy":"category","embeddable":true,"href":"https:\/\/grd.sanandres.gov.co\/index.php?rest_route=%2Fwp%2Fv2%2Fcategories&post=15"},{"taxonomy":"post_tag","embeddable":true,"href":"https:\/\/grd.sanandres.gov.co\/index.php?rest_route=%2Fwp%2Fv2%2Ftags&post=15"}],"curies":[{"name":"wp","href":"https:\/\/api.w.org\/{rel}","templated":true}]}}