{"id":18,"date":"2023-08-26T09:36:48","date_gmt":"2023-08-26T14:36:48","guid":{"rendered":"http:\/\/apps.sanandres.gov.co\/?p=18"},"modified":"2023-10-05T15:42:31","modified_gmt":"2023-10-05T20:42:31","slug":"talleres-a-las-comunidades-religiosas-sobre-cambio-climatico","status":"publish","type":"post","link":"https:\/\/grd.sanandres.gov.co\/?p=18","title":{"rendered":"Talleres a las comunidades religiosas sobre CAMBIO CLIMATICO"},"content":{"rendered":"<h3 style=\"text-align: center;\">La SGRD de la mano con los ni\u00f1os(as) y j\u00f3venes de las isla<\/h3>\n<p><\/p>\n<p><!--more--><\/p>\n<p>Los ni\u00f1os (as) y j\u00f3venes de la isla tambi\u00e9n hacen parte de la Secretaria de Gesti\u00f3n del Riesgos de Desastres. Es por esto, que se visit\u00f3 el Barrio Vista Hermosa, donde se realiz\u00f3 un taller con los ni\u00f1os(as) y j\u00f3venes religiosos para que ejerzan un papel activo y promuevan acciones frente al cambio clim\u00e1tico, adoptando medidas individuales, familiares y colectivas.<\/p>\n<p><img loading=\"lazy\" class=\"size-medium wp-image-1789 alignleft\" src=\"http:\/\/grd.sanandres.gov.co\/wp-content\/uploads\/2018\/08\/08-300x225.jpg\" alt=\"\" width=\"300\" height=\"225\" srcset=\"https:\/\/grd.sanandres.gov.co\/wp-content\/uploads\/2018\/08\/08-300x225.jpg 300w, https:\/\/grd.sanandres.gov.co\/wp-content\/uploads\/2018\/08\/08-768x576.jpg 768w, https:\/\/grd.sanandres.gov.co\/wp-content\/uploads\/2018\/08\/08.jpg 1024w\" sizes=\"(max-width: 300px) 100vw, 300px\" \/> La Secretaria de Gesti\u00f3n del Riesgo de Desastres en compa\u00f1\u00eda de la empresa de energ\u00eda Eedas S.A.S.&nbsp; enfatizaron en crear conciencia de la eficiencia energ\u00e9tica como herramienta contra el cambio clim\u00e1tico, optimizando el uso de recursos naturales y rebajando la emisi\u00f3n de gases de efecto invernadero, con los buenos h\u00e1bitos de consumo de energ\u00eda.<\/p>\n<p><img loading=\"lazy\" class=\" wp-image-1786 alignright\" src=\"http:\/\/grd.sanandres.gov.co\/wp-content\/uploads\/2018\/08\/Noticia-Interior-04-255x300.png\" alt=\"\" width=\"270\" height=\"318\" srcset=\"https:\/\/grd.sanandres.gov.co\/wp-content\/uploads\/2018\/08\/Noticia-Interior-04-255x300.png 255w, https:\/\/grd.sanandres.gov.co\/wp-content\/uploads\/2018\/08\/Noticia-Interior-04-871x1024.png 871w, https:\/\/grd.sanandres.gov.co\/wp-content\/uploads\/2018\/08\/Noticia-Interior-04-768x903.png 768w, https:\/\/grd.sanandres.gov.co\/wp-content\/uploads\/2018\/08\/Noticia-Interior-04.png 1004w\" sizes=\"(max-width: 270px) 100vw, 270px\" \/>Los ni\u00f1os (as) y j\u00f3venes de la isla tambi\u00e9n hacen parte de la Secretaria de Gesti\u00f3n del Riesgos de Desastres. Es por esto, que se visit\u00f3 el Barrio Vista Hermosa, donde se realiz\u00f3 un taller con los ni\u00f1os(as) y j\u00f3venes religiosos para que ejerzan un papel activo y promuevan acciones frente al cambio clim\u00e1tico, adoptando medidas individuales, familiares y colectivas.<\/p>\n<p><\/p>\n<p>La Secretaria de Gesti\u00f3n del Riesgo de Desastres en compa\u00f1\u00eda de la empresa de energ\u00eda Eedas S.A.S.&nbsp; enfatizaron en crear conciencia de la eficiencia energ\u00e9tica como herramienta contra el cambio clim\u00e1tico, optimizando el uso de recursos naturales y rebajando la emisi\u00f3n de gases de efecto invernadero, con los buenos h\u00e1bitos de consumo de energ\u00eda.<\/p>\n<blockquote class=\"uk-margin-medium\">\n<h3><span style=\"font-size: 19px;\">&#8220;Lo que bien aprende un ni\u00f1o(a), lo pondr\u00e1 en pr\u00e1ctica toda su vida.&#8221;<\/span><\/h3>\n<\/blockquote>\n<p style=\"text-align: center;\"><span style=\"font-size: 18px;\"><strong>\u00a1La prevenci\u00f3n es un asunto de todos!<\/strong><\/span><\/p>\n\n\n<p><\/p>\n","protected":false},"excerpt":{"rendered":"<p>La SGRD de la mano con los ni\u00f1os(as) y j\u00f3venes de las isla<\/p>\n","protected":false},"author":3,"featured_media":0,"comment_status":"closed","ping_status":"closed","sticky":false,"template":"","format":"standard","meta":[],"categories":[5],"tags":[],"acf":[],"_links":{"self":[{"href":"https:\/\/grd.sanandres.gov.co\/index.php?rest_route=\/wp\/v2\/posts\/18"}],"collection":[{"href":"https:\/\/grd.sanandres.gov.co\/index.php?rest_route=\/wp\/v2\/posts"}],"about":[{"href":"https:\/\/grd.sanandres.gov.co\/index.php?rest_route=\/wp\/v2\/types\/post"}],"author":[{"embeddable":true,"href":"https:\/\/grd.sanandres.gov.co\/index.php?rest_route=\/wp\/v2\/users\/3"}],"replies":[{"embeddable":true,"href":"https:\/\/grd.sanandres.gov.co\/index.php?rest_route=%2Fwp%2Fv2%2Fcomments&post=18"}],"version-history":[{"count":13,"href":"https:\/\/grd.sanandres.gov.co\/index.php?rest_route=\/wp\/v2\/posts\/18\/revisions"}],"predecessor-version":[{"id":1897,"href":"https:\/\/grd.sanandres.gov.co\/index.php?rest_route=\/wp\/v2\/posts\/18\/revisions\/1897"}],"wp:attachment":[{"href":"https:\/\/grd.sanandres.gov.co\/index.php?rest_route=%2Fwp%2Fv2%2Fmedia&parent=18"}],"wp:term":[{"taxonomy":"category","embeddable":true,"href":"https:\/\/grd.sanandres.gov.co\/index.php?rest_route=%2Fwp%2Fv2%2Fcategories&post=18"},{"taxonomy":"post_tag","embeddable":true,"href":"https:\/\/grd.sanandres.gov.co\/index.php?rest_route=%2Fwp%2Fv2%2Ftags&post=18"}],"curies":[{"name":"wp","href":"https:\/\/api.w.org\/{rel}","templated":true}]}}