{"id":1922,"date":"2023-09-15T17:07:06","date_gmt":"2023-09-15T22:07:06","guid":{"rendered":"https:\/\/grd.sanandres.gov.co\/?p=1922"},"modified":"2023-10-05T17:33:35","modified_gmt":"2023-10-05T22:33:35","slug":"taller-formulacion-de-mapas-comunitarios-de-riesgo","status":"publish","type":"post","link":"https:\/\/grd.sanandres.gov.co\/?p=1922","title":{"rendered":"Formulaci\u00f3n de Mapas Comunitarios de Riesgo con UNGRD"},"content":{"rendered":"\n<h3>Trabajar en articulaci\u00f3n con la comunidad fortalece la planeaci\u00f3n de mapas comunitarios y planes de emergencias \u00f3ptimos para todos.<\/h3>\n\n\n\n<hr class=\"wp-block-separator is-style-dots\"\/>\n\n\n\n<p>De forma satisfactoria, culmino el taller de formulaci\u00f3n de mapas comunitarios de riesgo, que llevo a cabo La secretaria de Gesti\u00f3n del Riesgo de Desastres del Departamento en articulaci\u00f3n con Unidad Nacional para la Gesti\u00f3n del Riesgo de Desastres (UNGRD), en compa\u00f1\u00eda de las Juntas de Acciones Comunales &#8211; JAC y organizaciones comunitarias de la isla.<\/p>\n\n\n\n<p>El taller se dividi\u00f3 en dos jornadas, para mayor efectividad de la actividad, <\/p>\n\n\n\n<ul><li>Primera jornada, el cual se enfatiz\u00f3 en explicar la metodolog\u00eda del plan comunitario de gesti\u00f3n del riesgo a toda la comunidad, dejando claro puntos b\u00e1sicos de emergencias, formulaci\u00f3n y planificaci\u00f3n de estos. <\/li><\/ul>\n\n\n\n<div class=\"wp-block-image\"><figure class=\"aligncenter size-large is-resized\"><img loading=\"lazy\" src=\"https:\/\/grd.sanandres.gov.co\/wp-content\/uploads\/2023\/10\/IMG_20230914_173823-1024x766.jpg\" alt=\"\" class=\"wp-image-1923\" width=\"698\" height=\"522\" srcset=\"https:\/\/grd.sanandres.gov.co\/wp-content\/uploads\/2023\/10\/IMG_20230914_173823-1024x766.jpg 1024w, https:\/\/grd.sanandres.gov.co\/wp-content\/uploads\/2023\/10\/IMG_20230914_173823-300x224.jpg 300w, https:\/\/grd.sanandres.gov.co\/wp-content\/uploads\/2023\/10\/IMG_20230914_173823-768x574.jpg 768w, https:\/\/grd.sanandres.gov.co\/wp-content\/uploads\/2023\/10\/IMG_20230914_173823-1536x1149.jpg 1536w, https:\/\/grd.sanandres.gov.co\/wp-content\/uploads\/2023\/10\/IMG_20230914_173823-2048x1532.jpg 2048w\" sizes=\"(max-width: 698px) 100vw, 698px\" \/><figcaption>Explicaci\u00f3n del plan comunitario de gesti\u00f3n del riesgo a la comunidad.<\/figcaption><\/figure><\/div>\n\n\n\n<ul><li>Segunda jornada, se elabor\u00f3 el mapa comunitario de gesti\u00f3n del riesgo con las amenazas y vulnerabilidades que pueden acarrear en la calidad de vida de la comunidad.<\/li><\/ul>\n\n\n\n<figure class=\"wp-block-gallery columns-3 is-cropped\"><ul class=\"blocks-gallery-grid\"><li class=\"blocks-gallery-item\"><figure><img loading=\"lazy\" width=\"1024\" height=\"766\" src=\"https:\/\/grd.sanandres.gov.co\/wp-content\/uploads\/2023\/10\/IMG_20230915_190507-1024x766.jpg\" alt=\"\" data-id=\"1925\" class=\"wp-image-1925\" srcset=\"https:\/\/grd.sanandres.gov.co\/wp-content\/uploads\/2023\/10\/IMG_20230915_190507-1024x766.jpg 1024w, https:\/\/grd.sanandres.gov.co\/wp-content\/uploads\/2023\/10\/IMG_20230915_190507-300x224.jpg 300w, https:\/\/grd.sanandres.gov.co\/wp-content\/uploads\/2023\/10\/IMG_20230915_190507-768x574.jpg 768w, https:\/\/grd.sanandres.gov.co\/wp-content\/uploads\/2023\/10\/IMG_20230915_190507-1536x1149.jpg 1536w, https:\/\/grd.sanandres.gov.co\/wp-content\/uploads\/2023\/10\/IMG_20230915_190507-2048x1532.jpg 2048w\" sizes=\"(max-width: 1024px) 100vw, 1024px\" \/><\/figure><\/li><li class=\"blocks-gallery-item\"><figure><img loading=\"lazy\" width=\"1024\" height=\"766\" src=\"https:\/\/grd.sanandres.gov.co\/wp-content\/uploads\/2023\/10\/IMG_20230914_183259-1024x766.jpg\" alt=\"\" data-id=\"1928\" data-full-url=\"https:\/\/grd.sanandres.gov.co\/wp-content\/uploads\/2023\/10\/IMG_20230914_183259-scaled.jpg\" data-link=\"https:\/\/grd.sanandres.gov.co\/?attachment_id=1928\" class=\"wp-image-1928\" srcset=\"https:\/\/grd.sanandres.gov.co\/wp-content\/uploads\/2023\/10\/IMG_20230914_183259-1024x766.jpg 1024w, https:\/\/grd.sanandres.gov.co\/wp-content\/uploads\/2023\/10\/IMG_20230914_183259-300x224.jpg 300w, https:\/\/grd.sanandres.gov.co\/wp-content\/uploads\/2023\/10\/IMG_20230914_183259-768x574.jpg 768w, https:\/\/grd.sanandres.gov.co\/wp-content\/uploads\/2023\/10\/IMG_20230914_183259-1536x1149.jpg 1536w, https:\/\/grd.sanandres.gov.co\/wp-content\/uploads\/2023\/10\/IMG_20230914_183259-2048x1532.jpg 2048w\" sizes=\"(max-width: 1024px) 100vw, 1024px\" \/><\/figure><\/li><li class=\"blocks-gallery-item\"><figure><img loading=\"lazy\" width=\"1024\" height=\"766\" src=\"https:\/\/grd.sanandres.gov.co\/wp-content\/uploads\/2023\/10\/IMG_20230914_183429-1024x766.jpg\" alt=\"\" data-id=\"1929\" data-full-url=\"https:\/\/grd.sanandres.gov.co\/wp-content\/uploads\/2023\/10\/IMG_20230914_183429-scaled.jpg\" data-link=\"https:\/\/grd.sanandres.gov.co\/?attachment_id=1929\" class=\"wp-image-1929\" srcset=\"https:\/\/grd.sanandres.gov.co\/wp-content\/uploads\/2023\/10\/IMG_20230914_183429-1024x766.jpg 1024w, https:\/\/grd.sanandres.gov.co\/wp-content\/uploads\/2023\/10\/IMG_20230914_183429-300x224.jpg 300w, https:\/\/grd.sanandres.gov.co\/wp-content\/uploads\/2023\/10\/IMG_20230914_183429-768x574.jpg 768w, https:\/\/grd.sanandres.gov.co\/wp-content\/uploads\/2023\/10\/IMG_20230914_183429-1536x1149.jpg 1536w, https:\/\/grd.sanandres.gov.co\/wp-content\/uploads\/2023\/10\/IMG_20230914_183429-2048x1532.jpg 2048w\" sizes=\"(max-width: 1024px) 100vw, 1024px\" \/><\/figure><\/li><li class=\"blocks-gallery-item\"><figure><img loading=\"lazy\" width=\"766\" height=\"1024\" src=\"https:\/\/grd.sanandres.gov.co\/wp-content\/uploads\/2023\/10\/IMG_20230915_174749-1-766x1024.jpg\" alt=\"\" data-id=\"1930\" data-full-url=\"https:\/\/grd.sanandres.gov.co\/wp-content\/uploads\/2023\/10\/IMG_20230915_174749-1-scaled.jpg\" data-link=\"https:\/\/grd.sanandres.gov.co\/?attachment_id=1930\" class=\"wp-image-1930\" srcset=\"https:\/\/grd.sanandres.gov.co\/wp-content\/uploads\/2023\/10\/IMG_20230915_174749-1-766x1024.jpg 766w, https:\/\/grd.sanandres.gov.co\/wp-content\/uploads\/2023\/10\/IMG_20230915_174749-1-224x300.jpg 224w, https:\/\/grd.sanandres.gov.co\/wp-content\/uploads\/2023\/10\/IMG_20230915_174749-1-768x1027.jpg 768w, https:\/\/grd.sanandres.gov.co\/wp-content\/uploads\/2023\/10\/IMG_20230915_174749-1-1149x1536.jpg 1149w, https:\/\/grd.sanandres.gov.co\/wp-content\/uploads\/2023\/10\/IMG_20230915_174749-1-1532x2048.jpg 1532w, https:\/\/grd.sanandres.gov.co\/wp-content\/uploads\/2023\/10\/IMG_20230915_174749-1-scaled.jpg 1915w\" sizes=\"(max-width: 766px) 100vw, 766px\" \/><\/figure><\/li><li class=\"blocks-gallery-item\"><figure><img loading=\"lazy\" width=\"1024\" height=\"766\" src=\"https:\/\/grd.sanandres.gov.co\/wp-content\/uploads\/2023\/10\/IMG_20230915_183644-1024x766.jpg\" alt=\"\" data-id=\"1931\" data-full-url=\"https:\/\/grd.sanandres.gov.co\/wp-content\/uploads\/2023\/10\/IMG_20230915_183644-scaled.jpg\" data-link=\"https:\/\/grd.sanandres.gov.co\/?attachment_id=1931\" class=\"wp-image-1931\" srcset=\"https:\/\/grd.sanandres.gov.co\/wp-content\/uploads\/2023\/10\/IMG_20230915_183644-1024x766.jpg 1024w, https:\/\/grd.sanandres.gov.co\/wp-content\/uploads\/2023\/10\/IMG_20230915_183644-300x224.jpg 300w, https:\/\/grd.sanandres.gov.co\/wp-content\/uploads\/2023\/10\/IMG_20230915_183644-768x574.jpg 768w, https:\/\/grd.sanandres.gov.co\/wp-content\/uploads\/2023\/10\/IMG_20230915_183644-1536x1149.jpg 1536w, https:\/\/grd.sanandres.gov.co\/wp-content\/uploads\/2023\/10\/IMG_20230915_183644-2048x1532.jpg 2048w\" sizes=\"(max-width: 1024px) 100vw, 1024px\" \/><\/figure><\/li><\/ul><figcaption class=\"blocks-gallery-caption\">Realizaci\u00f3n del mapa comunitario de la isla.<\/figcaption><\/figure>\n\n\n\n<p><\/p>\n\n\n\n<blockquote class=\"wp-block-quote has-text-align-center is-style-large\"><p>&#8220;Actuando de forma articulada, lograremos concretar e implementar acciones que nos lleven a reducir los riesgos y responder de forma apropiada a las emergencias que se puedan presentar.&#8221;<\/p><\/blockquote>\n","protected":false},"excerpt":{"rendered":"<p>Trabajar en articulaci\u00f3n con la comunidad fortalece la planeaci\u00f3n de mapas comunitarios y planes de emergencias \u00f3ptimos para todos. De forma satisfactoria, culmino el taller de formulaci\u00f3n de mapas comunitarios de riesgo, que llevo a cabo La secretaria de Gesti\u00f3n del Riesgo de Desastres del Departamento en articulaci\u00f3n con Unidad Nacional para la Gesti\u00f3n del [&hellip;]<\/p>\n","protected":false},"author":3,"featured_media":0,"comment_status":"closed","ping_status":"closed","sticky":false,"template":"","format":"standard","meta":[],"categories":[5],"tags":[],"acf":[],"_links":{"self":[{"href":"https:\/\/grd.sanandres.gov.co\/index.php?rest_route=\/wp\/v2\/posts\/1922"}],"collection":[{"href":"https:\/\/grd.sanandres.gov.co\/index.php?rest_route=\/wp\/v2\/posts"}],"about":[{"href":"https:\/\/grd.sanandres.gov.co\/index.php?rest_route=\/wp\/v2\/types\/post"}],"author":[{"embeddable":true,"href":"https:\/\/grd.sanandres.gov.co\/index.php?rest_route=\/wp\/v2\/users\/3"}],"replies":[{"embeddable":true,"href":"https:\/\/grd.sanandres.gov.co\/index.php?rest_route=%2Fwp%2Fv2%2Fcomments&post=1922"}],"version-history":[{"count":6,"href":"https:\/\/grd.sanandres.gov.co\/index.php?rest_route=\/wp\/v2\/posts\/1922\/revisions"}],"predecessor-version":[{"id":1946,"href":"https:\/\/grd.sanandres.gov.co\/index.php?rest_route=\/wp\/v2\/posts\/1922\/revisions\/1946"}],"wp:attachment":[{"href":"https:\/\/grd.sanandres.gov.co\/index.php?rest_route=%2Fwp%2Fv2%2Fmedia&parent=1922"}],"wp:term":[{"taxonomy":"category","embeddable":true,"href":"https:\/\/grd.sanandres.gov.co\/index.php?rest_route=%2Fwp%2Fv2%2Fcategories&post=1922"},{"taxonomy":"post_tag","embeddable":true,"href":"https:\/\/grd.sanandres.gov.co\/index.php?rest_route=%2Fwp%2Fv2%2Ftags&post=1922"}],"curies":[{"name":"wp","href":"https:\/\/api.w.org\/{rel}","templated":true}]}}