{"id":1947,"date":"2023-09-19T17:49:41","date_gmt":"2023-09-19T22:49:41","guid":{"rendered":"https:\/\/grd.sanandres.gov.co\/?p=1947"},"modified":"2023-10-26T11:09:54","modified_gmt":"2023-10-26T16:09:54","slug":"mesa-de-trabajo-a-favor-de-mitigar-el-cambio-climatico","status":"publish","type":"post","link":"https:\/\/grd.sanandres.gov.co\/?p=1947","title":{"rendered":"Mesa de trabajo a favor de mitigar el Cambio Clim\u00e1tico"},"content":{"rendered":"\n<h3>Unidos para reducir los efectos del Cambio Clim\u00e1tico en el Archipi\u00e9lago con la implementaci\u00f3n del PIGCC.<\/h3>\n\n\n\n<div class=\"wp-block-image\"><figure class=\"alignright size-large is-resized\"><img loading=\"lazy\" src=\"https:\/\/grd.sanandres.gov.co\/wp-content\/uploads\/2023\/10\/IMG_20230919_151948-1024x766.jpg\" alt=\"\" class=\"wp-image-1949\" width=\"292\" height=\"218\" srcset=\"https:\/\/grd.sanandres.gov.co\/wp-content\/uploads\/2023\/10\/IMG_20230919_151948-1024x766.jpg 1024w, https:\/\/grd.sanandres.gov.co\/wp-content\/uploads\/2023\/10\/IMG_20230919_151948-300x224.jpg 300w, https:\/\/grd.sanandres.gov.co\/wp-content\/uploads\/2023\/10\/IMG_20230919_151948-768x574.jpg 768w, https:\/\/grd.sanandres.gov.co\/wp-content\/uploads\/2023\/10\/IMG_20230919_151948-1536x1149.jpg 1536w, https:\/\/grd.sanandres.gov.co\/wp-content\/uploads\/2023\/10\/IMG_20230919_151948-2048x1532.jpg 2048w\" sizes=\"(max-width: 292px) 100vw, 292px\" \/><\/figure><\/div>\n\n\n\n<p>Con el objetivo de analizar situaciones, evaluarlas e impulsar a las diferentes personas y entidades p\u00fablicas y privadas a participar en la mitigaci\u00f3n y gesti\u00f3n del cambio clim\u00e1tico, se llevo a cabo una mesa de trabajo para la formulaci\u00f3n e implementaci\u00f3n del Plan Integral de Gesti\u00f3n del Cambio Clim\u00e1tico del departamento (PIGCC) con la alianza del Ministerio de Ambiente y Desarrollo Sostenible, y la Corporaci\u00f3n Ambiental Coralina.<\/p>\n\n\n\n<p>Nuestra poblaci\u00f3n y ecosistema son vulnerables a los efectos del mismo, por consiguiente, es importante realizar diversas acciones de adaptaci\u00f3n que aten\u00faen la emisi\u00f3n de gases de efecto invernaderos, y conlleven a la reducci\u00f3n de impactos socio-econ\u00f3micos ambientales territoriales.<\/p>\n\n\n\n<h2>Recordemos que\u2026 \u00a1La prevenci\u00f3n es un asunto de todos!<\/h2>\n\n\n\n<figure class=\"wp-block-gallery columns-2 is-cropped\"><ul class=\"blocks-gallery-grid\"><li class=\"blocks-gallery-item\"><figure><img loading=\"lazy\" width=\"1024\" height=\"576\" src=\"https:\/\/grd.sanandres.gov.co\/wp-content\/uploads\/2023\/10\/Imagen-de-WhatsApp-2023-09-19-a-las-18.28.51_734ba25d-1024x576.jpg\" alt=\"\" data-id=\"1950\" class=\"wp-image-1950\" srcset=\"https:\/\/grd.sanandres.gov.co\/wp-content\/uploads\/2023\/10\/Imagen-de-WhatsApp-2023-09-19-a-las-18.28.51_734ba25d-1024x576.jpg 1024w, https:\/\/grd.sanandres.gov.co\/wp-content\/uploads\/2023\/10\/Imagen-de-WhatsApp-2023-09-19-a-las-18.28.51_734ba25d-300x169.jpg 300w, https:\/\/grd.sanandres.gov.co\/wp-content\/uploads\/2023\/10\/Imagen-de-WhatsApp-2023-09-19-a-las-18.28.51_734ba25d-768x432.jpg 768w, https:\/\/grd.sanandres.gov.co\/wp-content\/uploads\/2023\/10\/Imagen-de-WhatsApp-2023-09-19-a-las-18.28.51_734ba25d-1536x864.jpg 1536w, https:\/\/grd.sanandres.gov.co\/wp-content\/uploads\/2023\/10\/Imagen-de-WhatsApp-2023-09-19-a-las-18.28.51_734ba25d.jpg 1600w\" sizes=\"(max-width: 1024px) 100vw, 1024px\" \/><\/figure><\/li><li class=\"blocks-gallery-item\"><figure><img loading=\"lazy\" width=\"1024\" height=\"766\" src=\"https:\/\/grd.sanandres.gov.co\/wp-content\/uploads\/2023\/10\/IMG_20230919_153241-1024x766.jpg\" alt=\"\" data-id=\"1951\" data-full-url=\"https:\/\/grd.sanandres.gov.co\/wp-content\/uploads\/2023\/10\/IMG_20230919_153241-scaled.jpg\" data-link=\"https:\/\/grd.sanandres.gov.co\/?attachment_id=1951\" class=\"wp-image-1951\" srcset=\"https:\/\/grd.sanandres.gov.co\/wp-content\/uploads\/2023\/10\/IMG_20230919_153241-1024x766.jpg 1024w, https:\/\/grd.sanandres.gov.co\/wp-content\/uploads\/2023\/10\/IMG_20230919_153241-300x224.jpg 300w, https:\/\/grd.sanandres.gov.co\/wp-content\/uploads\/2023\/10\/IMG_20230919_153241-768x574.jpg 768w, https:\/\/grd.sanandres.gov.co\/wp-content\/uploads\/2023\/10\/IMG_20230919_153241-1536x1149.jpg 1536w, https:\/\/grd.sanandres.gov.co\/wp-content\/uploads\/2023\/10\/IMG_20230919_153241-2048x1532.jpg 2048w\" sizes=\"(max-width: 1024px) 100vw, 1024px\" \/><\/figure><\/li><\/ul><\/figure>\n\n\n\n<p><\/p>\n","protected":false},"excerpt":{"rendered":"<p>Unidos para reducir los efectos del Cambio Clim\u00e1tico en el Archipi\u00e9lago con la implementaci\u00f3n del PIGCC. Con el objetivo de analizar situaciones, evaluarlas e impulsar a las diferentes personas y entidades p\u00fablicas y privadas a participar en la mitigaci\u00f3n y gesti\u00f3n del cambio clim\u00e1tico, se llevo a cabo una mesa de trabajo para la formulaci\u00f3n [&hellip;]<\/p>\n","protected":false},"author":3,"featured_media":0,"comment_status":"closed","ping_status":"closed","sticky":false,"template":"","format":"standard","meta":[],"categories":[5],"tags":[],"acf":[],"_links":{"self":[{"href":"https:\/\/grd.sanandres.gov.co\/index.php?rest_route=\/wp\/v2\/posts\/1947"}],"collection":[{"href":"https:\/\/grd.sanandres.gov.co\/index.php?rest_route=\/wp\/v2\/posts"}],"about":[{"href":"https:\/\/grd.sanandres.gov.co\/index.php?rest_route=\/wp\/v2\/types\/post"}],"author":[{"embeddable":true,"href":"https:\/\/grd.sanandres.gov.co\/index.php?rest_route=\/wp\/v2\/users\/3"}],"replies":[{"embeddable":true,"href":"https:\/\/grd.sanandres.gov.co\/index.php?rest_route=%2Fwp%2Fv2%2Fcomments&post=1947"}],"version-history":[{"count":1,"href":"https:\/\/grd.sanandres.gov.co\/index.php?rest_route=\/wp\/v2\/posts\/1947\/revisions"}],"predecessor-version":[{"id":1952,"href":"https:\/\/grd.sanandres.gov.co\/index.php?rest_route=\/wp\/v2\/posts\/1947\/revisions\/1952"}],"wp:attachment":[{"href":"https:\/\/grd.sanandres.gov.co\/index.php?rest_route=%2Fwp%2Fv2%2Fmedia&parent=1947"}],"wp:term":[{"taxonomy":"category","embeddable":true,"href":"https:\/\/grd.sanandres.gov.co\/index.php?rest_route=%2Fwp%2Fv2%2Fcategories&post=1947"},{"taxonomy":"post_tag","embeddable":true,"href":"https:\/\/grd.sanandres.gov.co\/index.php?rest_route=%2Fwp%2Fv2%2Ftags&post=1947"}],"curies":[{"name":"wp","href":"https:\/\/api.w.org\/{rel}","templated":true}]}}