{"id":21,"date":"2023-08-25T09:36:48","date_gmt":"2023-08-25T14:36:48","guid":{"rendered":"http:\/\/apps.sanandres.gov.co\/?p=21"},"modified":"2023-10-05T15:42:22","modified_gmt":"2023-10-05T20:42:22","slug":"jornada-de-limpieza-y-adecuacion-en-el-centro-logistico-humanitario","status":"publish","type":"post","link":"https:\/\/grd.sanandres.gov.co\/?p=21","title":{"rendered":"Jornada de Limpieza y adecuaci\u00f3n en el Centro Log\u00edstico Humanitario"},"content":{"rendered":"<h3 style=\"text-align: center;\"><span style=\"font-size: 20px;\">La SGRD contin\u00faa prepar\u00e1ndose para la temporada de huracanes.<\/span><\/h3>\n<p><!--more--><\/p>\n<p><img loading=\"lazy\" class=\"size-medium wp-image-1764 alignright\" src=\"http:\/\/grd.sanandres.gov.co\/wp-content\/uploads\/2018\/08\/Noticia-Interior-03-300x225.png\" alt=\"\" width=\"300\" height=\"225\" srcset=\"https:\/\/grd.sanandres.gov.co\/wp-content\/uploads\/2018\/08\/Noticia-Interior-03-300x225.png 300w, https:\/\/grd.sanandres.gov.co\/wp-content\/uploads\/2018\/08\/Noticia-Interior-03-1024x768.png 1024w, https:\/\/grd.sanandres.gov.co\/wp-content\/uploads\/2018\/08\/Noticia-Interior-03-768x576.png 768w, https:\/\/grd.sanandres.gov.co\/wp-content\/uploads\/2018\/08\/Noticia-Interior-03.png 1181w\" sizes=\"(max-width: 300px) 100vw, 300px\" \/><\/p>\n<p>Los tres programas de apoyo de la Secretaria de Gesti\u00f3n del Riesgo de Desastre, realizaron de forma satisfactoria la jornada de limpieza y adecuaci\u00f3n en el Centro Log\u00edstico Humanitario \u2013 CLH de la isla.<\/p>\n<p>Este espacio, alberga suministros en productos, materiales y equipos especiales que ayudan a seguir brindando atenci\u00f3n a las necesidades de la comunidad, para estar todos preparados ante cualquier eventualidad en cat\u00e1strofes o fen\u00f3menos naturales que se pueda presentar en esta temporada de lluvias, ciclones tropicales y huracanes.<\/p>\n<p><img loading=\"lazy\" class=\"alignnone  wp-image-1776\" src=\"http:\/\/grd.sanandres.gov.co\/wp-content\/uploads\/2018\/08\/04-300x140.jpg\" alt=\"\" width=\"401\" height=\"187\" srcset=\"https:\/\/grd.sanandres.gov.co\/wp-content\/uploads\/2018\/08\/04-300x140.jpg 300w, https:\/\/grd.sanandres.gov.co\/wp-content\/uploads\/2018\/08\/04-1024x478.jpg 1024w, https:\/\/grd.sanandres.gov.co\/wp-content\/uploads\/2018\/08\/04-768x358.jpg 768w, https:\/\/grd.sanandres.gov.co\/wp-content\/uploads\/2018\/08\/04.jpg 1280w\" sizes=\"(max-width: 401px) 100vw, 401px\" \/>&nbsp; &nbsp; &nbsp; &nbsp; <img loading=\"lazy\" class=\"alignnone  wp-image-1777\" src=\"http:\/\/grd.sanandres.gov.co\/wp-content\/uploads\/2018\/08\/Imagen-de-WhatsApp-2023-08-25-a-las-10.37.24-300x140.jpg\" alt=\"\" width=\"401\" height=\"187\" srcset=\"https:\/\/grd.sanandres.gov.co\/wp-content\/uploads\/2018\/08\/Imagen-de-WhatsApp-2023-08-25-a-las-10.37.24-300x140.jpg 300w, https:\/\/grd.sanandres.gov.co\/wp-content\/uploads\/2018\/08\/Imagen-de-WhatsApp-2023-08-25-a-las-10.37.24-1024x478.jpg 1024w, https:\/\/grd.sanandres.gov.co\/wp-content\/uploads\/2018\/08\/Imagen-de-WhatsApp-2023-08-25-a-las-10.37.24-768x358.jpg 768w, https:\/\/grd.sanandres.gov.co\/wp-content\/uploads\/2018\/08\/Imagen-de-WhatsApp-2023-08-25-a-las-10.37.24.jpg 1280w\" sizes=\"(max-width: 401px) 100vw, 401px\" \/><\/p>\n<h2 style=\"text-align: center;\"><span style=\"font-size: 18px;\">Recordamos que\u2026 \u00a1La prevenci\u00f3n es un asunto de todos!<\/span><\/h2>\n<p class=\"uk-margin-medium\"><\/p>\n\n\n<p><\/p>\n","protected":false},"excerpt":{"rendered":"<p>La SGRD contin\u00faa prepar\u00e1ndose para la temporada de huracanes.<\/p>\n","protected":false},"author":3,"featured_media":0,"comment_status":"closed","ping_status":"closed","sticky":false,"template":"","format":"standard","meta":[],"categories":[5],"tags":[],"acf":[],"_links":{"self":[{"href":"https:\/\/grd.sanandres.gov.co\/index.php?rest_route=\/wp\/v2\/posts\/21"}],"collection":[{"href":"https:\/\/grd.sanandres.gov.co\/index.php?rest_route=\/wp\/v2\/posts"}],"about":[{"href":"https:\/\/grd.sanandres.gov.co\/index.php?rest_route=\/wp\/v2\/types\/post"}],"author":[{"embeddable":true,"href":"https:\/\/grd.sanandres.gov.co\/index.php?rest_route=\/wp\/v2\/users\/3"}],"replies":[{"embeddable":true,"href":"https:\/\/grd.sanandres.gov.co\/index.php?rest_route=%2Fwp%2Fv2%2Fcomments&post=21"}],"version-history":[{"count":11,"href":"https:\/\/grd.sanandres.gov.co\/index.php?rest_route=\/wp\/v2\/posts\/21\/revisions"}],"predecessor-version":[{"id":1904,"href":"https:\/\/grd.sanandres.gov.co\/index.php?rest_route=\/wp\/v2\/posts\/21\/revisions\/1904"}],"wp:attachment":[{"href":"https:\/\/grd.sanandres.gov.co\/index.php?rest_route=%2Fwp%2Fv2%2Fmedia&parent=21"}],"wp:term":[{"taxonomy":"category","embeddable":true,"href":"https:\/\/grd.sanandres.gov.co\/index.php?rest_route=%2Fwp%2Fv2%2Fcategories&post=21"},{"taxonomy":"post_tag","embeddable":true,"href":"https:\/\/grd.sanandres.gov.co\/index.php?rest_route=%2Fwp%2Fv2%2Ftags&post=21"}],"curies":[{"name":"wp","href":"https:\/\/api.w.org\/{rel}","templated":true}]}}