{"id":2171,"date":"2023-11-29T12:06:25","date_gmt":"2023-11-29T17:06:25","guid":{"rendered":"https:\/\/grd.sanandres.gov.co\/?p=2171"},"modified":"2023-11-30T09:16:38","modified_gmt":"2023-11-30T14:16:38","slug":"sensibilizacion-en-barrios-por-temporada-de-huracanes","status":"publish","type":"post","link":"https:\/\/grd.sanandres.gov.co\/?p=2171","title":{"rendered":"Sensibilizaci\u00f3n en barrios por temporada de huracanes"},"content":{"rendered":"\n<div class=\"wp-block-image is-style-default\"><figure class=\"alignleft size-large is-resized\"><img loading=\"lazy\" src=\"https:\/\/grd.sanandres.gov.co\/wp-content\/uploads\/2023\/11\/Imagen-de-WhatsApp-2023-10-10-a-las-09.24.11_d21e6aa6-768x1024.jpg\" alt=\"\" class=\"wp-image-2178\" width=\"204\" height=\"272\" srcset=\"https:\/\/grd.sanandres.gov.co\/wp-content\/uploads\/2023\/11\/Imagen-de-WhatsApp-2023-10-10-a-las-09.24.11_d21e6aa6-768x1024.jpg 768w, https:\/\/grd.sanandres.gov.co\/wp-content\/uploads\/2023\/11\/Imagen-de-WhatsApp-2023-10-10-a-las-09.24.11_d21e6aa6-225x300.jpg 225w, https:\/\/grd.sanandres.gov.co\/wp-content\/uploads\/2023\/11\/Imagen-de-WhatsApp-2023-10-10-a-las-09.24.11_d21e6aa6.jpg 960w\" sizes=\"(max-width: 204px) 100vw, 204px\" \/><\/figure><\/div>\n\n\n\n<div class=\"wp-block-image\"><figure class=\"alignright size-large is-resized\"><img loading=\"lazy\" src=\"https:\/\/grd.sanandres.gov.co\/wp-content\/uploads\/2023\/11\/Imagen-de-WhatsApp-2023-10-10-a-las-10.51.50_72ced608-576x1024.jpg\" alt=\"\" class=\"wp-image-2175\" width=\"162\" height=\"288\" srcset=\"https:\/\/grd.sanandres.gov.co\/wp-content\/uploads\/2023\/11\/Imagen-de-WhatsApp-2023-10-10-a-las-10.51.50_72ced608-576x1024.jpg 576w, https:\/\/grd.sanandres.gov.co\/wp-content\/uploads\/2023\/11\/Imagen-de-WhatsApp-2023-10-10-a-las-10.51.50_72ced608-169x300.jpg 169w, https:\/\/grd.sanandres.gov.co\/wp-content\/uploads\/2023\/11\/Imagen-de-WhatsApp-2023-10-10-a-las-10.51.50_72ced608-768x1366.jpg 768w, https:\/\/grd.sanandres.gov.co\/wp-content\/uploads\/2023\/11\/Imagen-de-WhatsApp-2023-10-10-a-las-10.51.50_72ced608-864x1536.jpg 864w, https:\/\/grd.sanandres.gov.co\/wp-content\/uploads\/2023\/11\/Imagen-de-WhatsApp-2023-10-10-a-las-10.51.50_72ced608.jpg 899w\" sizes=\"(max-width: 162px) 100vw, 162px\" \/><\/figure><\/div>\n\n\n\n<p>La Secretaria de Gesti\u00f3n de Riesgo del Desastre, contin\u00faa impartiendo conocimiento a la comunidad, con las sensibilizaciones en la temporada de huracanes, el sector favorecido fue la poblaci\u00f3n del barrio Nueva Guinea quienes recibieron la informaci\u00f3n con mucha atenci\u00f3n y deseosas por saber como actuar y prevenirse ante alguna emergencia clim\u00e1tica o de cicl\u00f3n tropical.<\/p>\n\n\n\n<p>Recordemos que la temporada de huracanes se define en el periodo del 1 de junio hasta el 30 de noviembre y debemos de estar preparados a cualquier calamidad de emergencia que se pueda presentar.<\/p>\n\n\n\n<p>\u00a1La prevenci\u00f3n es un asunto de Todos!<\/p>\n","protected":false},"excerpt":{"rendered":"<p>La Secretaria de Gesti\u00f3n de Riesgo del Desastre, contin\u00faa impartiendo conocimiento a la comunidad, con las sensibilizaciones en la temporada de huracanes, el sector favorecido fue la poblaci\u00f3n del barrio Nueva Guinea quienes recibieron la informaci\u00f3n con mucha atenci\u00f3n y deseosas por saber como actuar y prevenirse ante alguna emergencia clim\u00e1tica o de cicl\u00f3n tropical. [&hellip;]<\/p>\n","protected":false},"author":3,"featured_media":0,"comment_status":"closed","ping_status":"closed","sticky":false,"template":"","format":"standard","meta":[],"categories":[5],"tags":[],"acf":[],"_links":{"self":[{"href":"https:\/\/grd.sanandres.gov.co\/index.php?rest_route=\/wp\/v2\/posts\/2171"}],"collection":[{"href":"https:\/\/grd.sanandres.gov.co\/index.php?rest_route=\/wp\/v2\/posts"}],"about":[{"href":"https:\/\/grd.sanandres.gov.co\/index.php?rest_route=\/wp\/v2\/types\/post"}],"author":[{"embeddable":true,"href":"https:\/\/grd.sanandres.gov.co\/index.php?rest_route=\/wp\/v2\/users\/3"}],"replies":[{"embeddable":true,"href":"https:\/\/grd.sanandres.gov.co\/index.php?rest_route=%2Fwp%2Fv2%2Fcomments&post=2171"}],"version-history":[{"count":6,"href":"https:\/\/grd.sanandres.gov.co\/index.php?rest_route=\/wp\/v2\/posts\/2171\/revisions"}],"predecessor-version":[{"id":2182,"href":"https:\/\/grd.sanandres.gov.co\/index.php?rest_route=\/wp\/v2\/posts\/2171\/revisions\/2182"}],"wp:attachment":[{"href":"https:\/\/grd.sanandres.gov.co\/index.php?rest_route=%2Fwp%2Fv2%2Fmedia&parent=2171"}],"wp:term":[{"taxonomy":"category","embeddable":true,"href":"https:\/\/grd.sanandres.gov.co\/index.php?rest_route=%2Fwp%2Fv2%2Fcategories&post=2171"},{"taxonomy":"post_tag","embeddable":true,"href":"https:\/\/grd.sanandres.gov.co\/index.php?rest_route=%2Fwp%2Fv2%2Ftags&post=2171"}],"curies":[{"name":"wp","href":"https:\/\/api.w.org\/{rel}","templated":true}]}}