{"id":2200,"date":"2023-11-30T10:03:20","date_gmt":"2023-11-30T15:03:20","guid":{"rendered":"https:\/\/grd.sanandres.gov.co\/?p=2200"},"modified":"2023-11-30T11:31:53","modified_gmt":"2023-11-30T16:31:53","slug":"bachilleres-del-bolivariano-capacitados-en-primeros-auxilios","status":"publish","type":"post","link":"https:\/\/grd.sanandres.gov.co\/?p=2200","title":{"rendered":"Bachilleres del Bolivariano capacitados en primeros auxilios"},"content":{"rendered":"\n<h3><em>J\u00f3venes de 11 grado del colegio Bolivariano en sus horas sociales aprenden de prevenci\u00f3n frente a emergencias.<\/em><\/h3>\n\n\n\n<div class=\"wp-block-image\"><figure class=\"alignleft size-large is-resized\"><img loading=\"lazy\" src=\"https:\/\/grd.sanandres.gov.co\/wp-content\/uploads\/2023\/11\/06-1024x768.jpg\" alt=\"\" class=\"wp-image-2204\" width=\"255\" height=\"192\" srcset=\"https:\/\/grd.sanandres.gov.co\/wp-content\/uploads\/2023\/11\/06-1024x768.jpg 1024w, https:\/\/grd.sanandres.gov.co\/wp-content\/uploads\/2023\/11\/06-300x225.jpg 300w, https:\/\/grd.sanandres.gov.co\/wp-content\/uploads\/2023\/11\/06-768x576.jpg 768w, https:\/\/grd.sanandres.gov.co\/wp-content\/uploads\/2023\/11\/06-1536x1152.jpg 1536w, https:\/\/grd.sanandres.gov.co\/wp-content\/uploads\/2023\/11\/06.jpg 1600w\" sizes=\"(max-width: 255px) 100vw, 255px\" \/><\/figure><\/div>\n\n\n\n<p>Bajo el programa del servicio social, la secretaria de Gesti\u00f3n de Riesgo del Desastre capacito a los j\u00f3venes bachilleres de 11\u00b0 en primeros auxilios en la ocurrencia de incendio, los operadores del Cuerpo de Bomberos fueron los encargados de dictar la charla y ense\u00f1arles a los j\u00f3venes de la tem\u00e1tica, bajo el mismo techo de las instalaciones de los Bomberos.<\/p>\n\n\n\n<p>Aprendieron\u2026 Que deber\u00edan tener presente para prevenirlo y dado el caso de su accidentalidad como deber\u00edan manejarlo y reaccionar oportunamente de acuerdo a la situaci\u00f3n que se pueda presentar de manera instant\u00e1nea.<\/p>\n\n\n\n<div class=\"wp-block-image\"><figure class=\"alignright size-large is-resized\"><img loading=\"lazy\" src=\"https:\/\/grd.sanandres.gov.co\/wp-content\/uploads\/2023\/11\/02-1024x768.jpg\" alt=\"\" class=\"wp-image-2205\" width=\"421\" height=\"316\" srcset=\"https:\/\/grd.sanandres.gov.co\/wp-content\/uploads\/2023\/11\/02-1024x768.jpg 1024w, https:\/\/grd.sanandres.gov.co\/wp-content\/uploads\/2023\/11\/02-300x225.jpg 300w, https:\/\/grd.sanandres.gov.co\/wp-content\/uploads\/2023\/11\/02-768x576.jpg 768w, https:\/\/grd.sanandres.gov.co\/wp-content\/uploads\/2023\/11\/02-1536x1152.jpg 1536w, https:\/\/grd.sanandres.gov.co\/wp-content\/uploads\/2023\/11\/02.jpg 1600w\" sizes=\"(max-width: 421px) 100vw, 421px\" \/><\/figure><\/div>\n\n\n\n<p>Con esta capacitaci\u00f3n, culminaron sus horas sociales para lograr obtener un total de 80 horas, el cual son obligatorios para efectuar sus grados en nivel secundaria.<\/p>\n\n\n\n<p>Recordemos nuestra l\u00ednea de apoyo en emergencias, llamar al 123.<\/p>\n\n\n\n<p>\u00a1La prevenci\u00f3n es un asunto de Todos!<\/p>\n","protected":false},"excerpt":{"rendered":"<p>J\u00f3venes de 11 grado del colegio Bolivariano en sus horas sociales aprenden de prevenci\u00f3n frente a emergencias. Bajo el programa del servicio social, la secretaria de Gesti\u00f3n de Riesgo del Desastre capacito a los j\u00f3venes bachilleres de 11\u00b0 en primeros auxilios en la ocurrencia de incendio, los operadores del Cuerpo de Bomberos fueron los encargados [&hellip;]<\/p>\n","protected":false},"author":3,"featured_media":0,"comment_status":"closed","ping_status":"closed","sticky":false,"template":"","format":"standard","meta":[],"categories":[5],"tags":[],"acf":[],"_links":{"self":[{"href":"https:\/\/grd.sanandres.gov.co\/index.php?rest_route=\/wp\/v2\/posts\/2200"}],"collection":[{"href":"https:\/\/grd.sanandres.gov.co\/index.php?rest_route=\/wp\/v2\/posts"}],"about":[{"href":"https:\/\/grd.sanandres.gov.co\/index.php?rest_route=\/wp\/v2\/types\/post"}],"author":[{"embeddable":true,"href":"https:\/\/grd.sanandres.gov.co\/index.php?rest_route=\/wp\/v2\/users\/3"}],"replies":[{"embeddable":true,"href":"https:\/\/grd.sanandres.gov.co\/index.php?rest_route=%2Fwp%2Fv2%2Fcomments&post=2200"}],"version-history":[{"count":4,"href":"https:\/\/grd.sanandres.gov.co\/index.php?rest_route=\/wp\/v2\/posts\/2200\/revisions"}],"predecessor-version":[{"id":2207,"href":"https:\/\/grd.sanandres.gov.co\/index.php?rest_route=\/wp\/v2\/posts\/2200\/revisions\/2207"}],"wp:attachment":[{"href":"https:\/\/grd.sanandres.gov.co\/index.php?rest_route=%2Fwp%2Fv2%2Fmedia&parent=2200"}],"wp:term":[{"taxonomy":"category","embeddable":true,"href":"https:\/\/grd.sanandres.gov.co\/index.php?rest_route=%2Fwp%2Fv2%2Fcategories&post=2200"},{"taxonomy":"post_tag","embeddable":true,"href":"https:\/\/grd.sanandres.gov.co\/index.php?rest_route=%2Fwp%2Fv2%2Ftags&post=2200"}],"curies":[{"name":"wp","href":"https:\/\/api.w.org\/{rel}","templated":true}]}}